{"id":16512,"__str__":"Projeto de Lei Ordin\u00e1ria n\u00ba 183 de 2022","link_detail_backend":"/materia/16512","metadata":{},"numero":183,"ano":2022,"numero_protocolo":170,"data_apresentacao":"2022-05-17","tipo_apresentacao":"E","data_publicacao":null,"numero_origem_externa":"","ano_origem_externa":null,"data_origem_externa":null,"apelido":"","dias_prazo":null,"data_fim_prazo":null,"em_tramitacao":false,"polemica":false,"objeto":"","complementar":false,"ementa":"DISP\u00d5E SOBRE \"A SEMANA DE CONSCIENTIZA\u00c7\u00c3O E COMBATE DA VIOL\u00caNCIA CONTRA A MULHER\" NO \u00c2MBITO DO MUNIC\u00cdPIO DA EST\u00c2NCIA TUR\u00cdSTICA DE IBI\u00daNA E D\u00c1 OUTRAS PROVID\u00caNCIAS","indexacao":"calend\u00e1rio oficial eventos munic\u00edpio prote\u00e7\u00e3o combate viol\u00eancia mulher","observacao":"","resultado":"","texto_original":"http://sapl.ibiuna.sp.leg.br/media/sapl/public/materialegislativa/2022/16512/projeto_de_lei_183.pdf","data_ultima_atualizacao":"2022-06-10T11:10:29.628211-03:00","ip":"45.175.189.255","ultima_edicao":"2022-06-10T11:10:29.401227-03:00","tipo":1,"regime_tramitacao":1,"tipo_origem_externa":null,"local_origem_externa":null,"user":109,"anexadas":[],"autores":[103]}