{"id":16493,"__str__":"Requerimento n\u00ba 31 de 2022","link_detail_backend":"/materia/16493","metadata":{},"numero":31,"ano":2022,"numero_protocolo":158,"data_apresentacao":"2022-05-10","tipo_apresentacao":"E","data_publicacao":null,"numero_origem_externa":"","ano_origem_externa":null,"data_origem_externa":null,"apelido":"","dias_prazo":null,"data_fim_prazo":null,"em_tramitacao":false,"polemica":false,"objeto":"","complementar":false,"ementa":"Requerimento \u00e0 empresa Via\u00e7\u00e3o Raposo Tavares, solicita\u00e7\u00e3o de informa\u00e7\u00f5es de hor\u00e1rios de \u00f4nibus respons\u00e1vel pela transporte p\u00fablico de Ibi\u00fana.","indexacao":"transporte p\u00fablico coletivo passageiros","observacao":"","resultado":"","texto_original":"http://sapl.ibiuna.sp.leg.br/media/sapl/public/materialegislativa/2022/16493/requerimento_031.pdf","data_ultima_atualizacao":"2022-05-10T15:21:16.089268-03:00","ip":"45.175.189.254","ultima_edicao":"2022-05-10T15:12:43.303234-03:00","tipo":3,"regime_tramitacao":1,"tipo_origem_externa":null,"local_origem_externa":null,"user":109,"anexadas":[],"autores":[122]}