{"id":15482,"__str__":"Projeto de Lei Ordin\u00e1ria n\u00ba 331 de 2020","link_detail_backend":"/materia/15482","metadata":{},"numero":331,"ano":2020,"numero_protocolo":null,"data_apresentacao":"2020-12-15","tipo_apresentacao":"E","data_publicacao":null,"numero_origem_externa":"140","ano_origem_externa":2020,"data_origem_externa":"2020-12-15","apelido":"","dias_prazo":null,"data_fim_prazo":null,"em_tramitacao":true,"polemica":false,"objeto":"","complementar":false,"ementa":"Disp\u00f5e sobre denomina\u00e7\u00f5es de uma Pra\u00e7a no Bairro Residencial Jardim Europa, e d\u00e1 outras provid\u00eancias. (Pra\u00e7a Jo\u00e3o Francisco Pereira)","indexacao":"denomina\u00e7\u00e3o pra\u00e7a cadastro localiza\u00e7\u00e3o Rodovia Presidente Tancredo de Almeida Neves Residencial Europa Jo\u00e3o Francisco Pereira","observacao":"","resultado":"","texto_original":"http://sapl.ibiuna.sp.leg.br/media/sapl/public/materialegislativa/2020/15482/projeto_de_lei_331.pdf","data_ultima_atualizacao":"2021-01-05T13:08:00.296102-03:00","ip":"45.175.190.168","ultima_edicao":"2020-12-15T12:00:21.293476-03:00","tipo":1,"regime_tramitacao":1,"tipo_origem_externa":4,"local_origem_externa":1,"user":109,"anexadas":[],"autores":[126]}