{"id":15358,"__str__":"Projeto de Lei Ordin\u00e1ria n\u00ba 266 de 2020","link_detail_backend":"/materia/15358","metadata":{},"numero":266,"ano":2020,"numero_protocolo":null,"data_apresentacao":"2020-09-29","tipo_apresentacao":"E","data_publicacao":null,"numero_origem_externa":"72","ano_origem_externa":2020,"data_origem_externa":"2020-09-25","apelido":"","dias_prazo":null,"data_fim_prazo":null,"em_tramitacao":false,"polemica":false,"objeto":"","complementar":false,"ementa":"Disp\u00f5e sobre denomina\u00e7\u00e3o de uma via no Bairro Paiol Pequeno, e d\u00e1 outras provid\u00eancias. (Alameda Jo\u00e3o Paulo Domingues).","indexacao":"denomina\u00e7\u00e3o cadastro localiza\u00e7\u00e3o resid\u00eancias Paiol Pequeno Estrada Municipal Francisco Vieira Gon\u00e7alves.","observacao":"","resultado":"","texto_original":"http://sapl.ibiuna.sp.leg.br/media/sapl/public/materialegislativa/2020/15358/projeto_de_lei_266.pdf","data_ultima_atualizacao":"2020-10-16T15:08:25.570409-03:00","ip":"45.175.189.240","ultima_edicao":"2020-09-30T12:24:18.562871-03:00","tipo":1,"regime_tramitacao":1,"tipo_origem_externa":4,"local_origem_externa":1,"user":109,"anexadas":[],"autores":[126]}