{"id":15320,"__str__":"Projeto de Lei Ordin\u00e1ria n\u00ba 243 de 2020","link_detail_backend":"/materia/15320","metadata":{},"numero":243,"ano":2020,"numero_protocolo":null,"data_apresentacao":"2020-09-08","tipo_apresentacao":"E","data_publicacao":null,"numero_origem_externa":"47","ano_origem_externa":2020,"data_origem_externa":"2020-09-08","apelido":"","dias_prazo":null,"data_fim_prazo":null,"em_tramitacao":false,"polemica":false,"objeto":"","complementar":false,"ementa":"Disp\u00f5e sobre denomina\u00e7\u00e3o de uma Pra\u00e7a e d\u00e1 outras provid\u00eancias. (Pra\u00e7a Vitor Cassemiro Filho)","indexacao":"denomina\u00e7\u00e3o cadastro pra\u00e7a Rua Jos\u00e9 Coelho Machado Rua Tabeli\u00e3o Salvador Rolim de Freitas homenagem","observacao":"","resultado":"","texto_original":"http://sapl.ibiuna.sp.leg.br/media/sapl/public/materialegislativa/2020/15320/projeto_de_lei_243.pdf","data_ultima_atualizacao":"2020-09-30T12:50:09.512460-03:00","ip":"45.175.188.242","ultima_edicao":"2020-09-09T13:01:16.171367-03:00","tipo":1,"regime_tramitacao":1,"tipo_origem_externa":4,"local_origem_externa":1,"user":109,"anexadas":[],"autores":[126]}