{"id":14563,"__str__":"Requerimento n\u00ba 14 de 2019","link_detail_backend":"/materia/14563","metadata":{},"numero":14,"ano":2019,"numero_protocolo":null,"data_apresentacao":"2019-02-26","tipo_apresentacao":"E","data_publicacao":null,"numero_origem_externa":"","ano_origem_externa":null,"data_origem_externa":null,"apelido":"","dias_prazo":null,"data_fim_prazo":null,"em_tramitacao":true,"polemica":null,"objeto":"","complementar":null,"ementa":"Requerimento solicitando convoca\u00e7\u00e3o do Secret\u00e1rio Municipal de Administra\u00e7\u00e3o, Sr. Ant\u00f4nio Francisco de Mello, para que compare\u00e7a ao Plen\u00e1rio da  C\u00e2mara Municipal no dia 07 de dezembro as 15h00","indexacao":"presta\u00e7\u00e3o informa\u00e7\u00e3o Planta Gen\u00e9rica de Valores PGV, FIPE Funda\u00e7\u00e3o Instituto de Pesquisas Econ\u00f4micas atualiza\u00e7\u00e3o IPTU Imposto Predial e Territorial Urbano","observacao":"","resultado":"","texto_original":"http://sapl.ibiuna.sp.leg.br/media/sapl/public/materialegislativa/2019/14563/req014.pdf","data_ultima_atualizacao":"2019-03-06T14:52:42.144439-03:00","ip":"","ultima_edicao":null,"tipo":3,"regime_tramitacao":1,"tipo_origem_externa":null,"local_origem_externa":null,"user":null,"anexadas":[],"autores":[20]}