{"id":14545,"__str__":"Elei\u00e7\u00e3o da Mesa Diretora n\u00ba 1 de 2018","link_detail_backend":"/materia/14545","metadata":{},"numero":1,"ano":2018,"numero_protocolo":null,"data_apresentacao":"2018-12-11","tipo_apresentacao":"E","data_publicacao":null,"numero_origem_externa":"","ano_origem_externa":null,"data_origem_externa":null,"apelido":"","dias_prazo":null,"data_fim_prazo":null,"em_tramitacao":false,"polemica":null,"objeto":"","complementar":null,"ementa":"Elei\u00e7\u00e3o da Mesa Diretora para a Sess\u00e3o Legislativa de 2019.","indexacao":"Elei\u00e7\u00e3o Mesa Diretora Sess\u00e3o Legislativa 3\u00ba 2019","observacao":"","resultado":"","texto_original":null,"data_ultima_atualizacao":"2019-02-06T13:08:26.504938-02:00","ip":"","ultima_edicao":null,"tipo":10,"regime_tramitacao":1,"tipo_origem_externa":null,"local_origem_externa":null,"user":null,"anexadas":[],"autores":[]}