{"id":13113,"__str__":"Projeto de Resolu\u00e7\u00e3o n\u00ba 1 de 2017","link_detail_backend":"/materia/13113","metadata":{},"numero":1,"ano":2017,"numero_protocolo":null,"data_apresentacao":"2017-03-02","tipo_apresentacao":"E","data_publicacao":null,"numero_origem_externa":"1","ano_origem_externa":2017,"data_origem_externa":"2017-03-02","apelido":"","dias_prazo":null,"data_fim_prazo":null,"em_tramitacao":false,"polemica":null,"objeto":"","complementar":null,"ementa":"INSTITUI O EVENTO \"CULTURA NA C\u00c2MARA\" NO \u00c2MBITO DA C\u00c2MARA MUNICIPAL DA EST\u00c2NCIA TUR\u00cdSTICA DE IBI\u00daNA, E D\u00c1 OUTRAS PROVID\u00caNCIAS.","indexacao":"EVENTO, CULTURAL, SEMANA, ATIVIDADES, ART\u00cdSTICAS, ARTES, CULTURA, M\u00daSICA, EST\u00cdMULO, ESTIMULAR, VISITAS, DEPEND\u00caNCIAS, C\u00c2MARA, ","observacao":"","resultado":"","texto_original":"http://sapl.ibiuna.sp.leg.br/media/sapl/public/materialegislativa/2017/13113/13113_texto_integral.pdf","data_ultima_atualizacao":"2018-07-05T15:54:35.082996-03:00","ip":"","ultima_edicao":null,"tipo":2,"regime_tramitacao":1,"tipo_origem_externa":2,"local_origem_externa":3,"user":null,"anexadas":[],"autores":[9]}