{"id":12705,"__str__":"Indica\u00e7\u00e3o n\u00ba 61 de 2017","link_detail_backend":"/materia/12705","metadata":{},"numero":61,"ano":2017,"numero_protocolo":null,"data_apresentacao":"2017-01-13","tipo_apresentacao":"E","data_publicacao":null,"numero_origem_externa":"","ano_origem_externa":null,"data_origem_externa":null,"apelido":"","dias_prazo":null,"data_fim_prazo":null,"em_tramitacao":true,"polemica":null,"objeto":"","complementar":null,"ementa":"INDICA\u00c7\u00c3O AO PREFEITO MUNICIPAL, SOLICITANDO SERVI\u00c7OS DE CANALIZA\u00c7\u00c3O DE UMA VALETA NA RUA VIT\u00d3RIA NO BAIRRO CAPIM AZEDO.","indexacao":"MANUTEN\u00c7\u00c3O, CONSERVA\u00c7\u00c3O, BURACOS, VALETAS, TR\u00c1FEGO INTENSO, VE\u00cdCULOS, RISCO, ACIDENTES, ALAGAMENTO, ENCHENTE, AC\u00daMULO, \u00c1GUAS DAS CHUVAS, PLUVIAIS, JO\u00c3O DA CRUZ, NELSON ANT\u00d4NIO DA SILVA, JOS\u00c9 MARCOLINO DE OLIVEIRA, ","observacao":"","resultado":"","texto_original":"http://sapl.ibiuna.sp.leg.br/media/sapl/public/materialegislativa/2017/12705/12705_texto_integral.pdf","data_ultima_atualizacao":"2018-07-05T15:54:21.852272-03:00","ip":"","ultima_edicao":null,"tipo":8,"regime_tramitacao":1,"tipo_origem_externa":null,"local_origem_externa":null,"user":null,"anexadas":[],"autores":[124]}