{"id":11492,"__str__":"Projeto de Lei Ordin\u00e1ria n\u00ba 313 de 2015","link_detail_backend":"/materia/11492","metadata":{},"numero":313,"ano":2015,"numero_protocolo":null,"data_apresentacao":"2015-11-30","tipo_apresentacao":"E","data_publicacao":null,"numero_origem_externa":"57","ano_origem_externa":2015,"data_origem_externa":"2015-11-30","apelido":"","dias_prazo":null,"data_fim_prazo":null,"em_tramitacao":false,"polemica":null,"objeto":"","complementar":null,"ementa":"DISP\u00d5E SOBRE A DENOMINA\u00c7\u00c3O DE UNIDADE B\u00c1SICA DE SA\u00daDE LOCALIZADA NO BAIRRO DA VARGEM.","indexacao":"NOME, DENOMINA\u00c7\u00c3O, POSTO, UBS, UNIDADE, B\u00c1SICA, SA\u00daDE, ANT\u00d4NIO MARMELO, ANT\u00d4NIO CARDOSO DE OLIVEIRA, VEREADOR, PAI, JAIR MARMELO, ","observacao":"","resultado":"","texto_original":"http://sapl.ibiuna.sp.leg.br/media/sapl/public/materialegislativa/2015/11492/11492_texto_integral.pdf","data_ultima_atualizacao":"2018-07-05T15:54:22.666068-03:00","ip":"","ultima_edicao":null,"tipo":1,"regime_tramitacao":1,"tipo_origem_externa":4,"local_origem_externa":1,"user":null,"anexadas":[],"autores":[97]}