{"id":11490,"__str__":"Projeto de Lei Complementar n\u00ba 307 de 2015","link_detail_backend":"/materia/11490","metadata":{},"numero":307,"ano":2015,"numero_protocolo":null,"data_apresentacao":"2015-11-26","tipo_apresentacao":"E","data_publicacao":null,"numero_origem_externa":"14","ano_origem_externa":2015,"data_origem_externa":"2015-11-26","apelido":" ","dias_prazo":null,"data_fim_prazo":null,"em_tramitacao":false,"polemica":null,"objeto":"","complementar":null,"ementa":"ALTERA DISPOSITIVOS DA LEI COMPLEMENTAR N\u00ba 10 DE 02 DE FEVEREIRO DE 2005 E D\u00c1 OUTRAS PROVID\u00caNCIAS.","indexacao":"ALTERA\u00c7\u00c3O, LEI, LEGISLA\u00c7\u00c3O, CARGOS, SAL\u00c1RIOS, DIRETOR, DIVIS\u00c3O, DE, SA\u00daDE, MENTAL, REQUISITOS, CARGO, ","observacao":"","resultado":"","texto_original":"http://sapl.ibiuna.sp.leg.br/media/sapl/public/materialegislativa/2015/11490/11490_texto_integral.pdf","data_ultima_atualizacao":"2018-07-05T15:54:36.516095-03:00","ip":"","ultima_edicao":null,"tipo":5,"regime_tramitacao":1,"tipo_origem_externa":4,"local_origem_externa":1,"user":null,"anexadas":[],"autores":[97]}