{"id":11476,"__str__":"Proposta de Emenda a Lei Org\u00e2nica Municipal n\u00ba 1 de 2015","link_detail_backend":"/materia/11476","metadata":{},"numero":1,"ano":2015,"numero_protocolo":null,"data_apresentacao":"2015-08-11","tipo_apresentacao":"E","data_publicacao":null,"numero_origem_externa":"1","ano_origem_externa":2015,"data_origem_externa":"2015-08-11","apelido":"","dias_prazo":null,"data_fim_prazo":null,"em_tramitacao":false,"polemica":null,"objeto":"","complementar":null,"ementa":"ALTERA O PAR\u00c1GRAFO \u00daNICO DO ARTIGO 12 DA LEI ORG\u00c2NICA DO MUNIC\u00cdPIO DE IBI\u00daNA","indexacao":"ALTERA\u00c7\u00c3O, LEI, ORG\u00c2NICA, LOM, L.O.M., QUANTIDADE, N\u00daMERO, VEREADORES, 11, ONZE, REPRESENTA\u00c7\u00c3O, ","observacao":"","resultado":"","texto_original":"http://sapl.ibiuna.sp.leg.br/media/sapl/public/materialegislativa/2015/11476/11476_texto_integral.pdf","data_ultima_atualizacao":"2018-07-05T15:54:27.331178-03:00","ip":"","ultima_edicao":null,"tipo":9,"regime_tramitacao":1,"tipo_origem_externa":9,"local_origem_externa":3,"user":null,"anexadas":[],"autores":[112]}