{"id":11393,"__str__":"Requerimento n\u00ba 171 de 2015","link_detail_backend":"/materia/11393","metadata":{},"numero":171,"ano":2015,"numero_protocolo":null,"data_apresentacao":"2015-10-27","tipo_apresentacao":"E","data_publicacao":null,"numero_origem_externa":"","ano_origem_externa":null,"data_origem_externa":null,"apelido":"","dias_prazo":null,"data_fim_prazo":null,"em_tramitacao":false,"polemica":null,"objeto":"","complementar":null,"ementa":"REQUERIMENTO AO PREFEITO MUNICIPAL, SOLICITANDO INFORMAR QUAIS PROVID\u00caNCIAS EST\u00c3O SENDO ADOTADAS PARA REGULARIZA\u00c7\u00c3O DA PRESTA\u00c7\u00c3O DOS SERVIDOS NO \u00c2MBITO DO CENTRO DE REABILITA\u00c7\u00c3O DO MUNIC\u00cdPIO.","indexacao":"ATENDIMENTO, CONSULTAS, EXAMES, CENTRO, REABILITA\u00c7\u00c3O, FISIOTER\u00c1PICA, FISIOTERAPIA, CUIDADOS, M\u00c9DICOS, ATENDIMENTO, FILA, ESPERA, FALTA, PROFISSIONAIS, PROBLEMAS, ADMINISTRATIVOS, SERVI\u00c7O, ESSENCIAL, ","observacao":"","resultado":"","texto_original":"http://sapl.ibiuna.sp.leg.br/media/sapl/public/materialegislativa/2015/11393/11393_texto_integral.pdf","data_ultima_atualizacao":"2018-07-05T15:54:28.149806-03:00","ip":"","ultima_edicao":null,"tipo":3,"regime_tramitacao":1,"tipo_origem_externa":null,"local_origem_externa":null,"user":null,"anexadas":[],"autores":[114]}