{"id":11345,"__str__":"Projeto de Lei Ordin\u00e1ria n\u00ba 287 de 2015","link_detail_backend":"/materia/11345","metadata":{},"numero":287,"ano":2015,"numero_protocolo":null,"data_apresentacao":"2015-09-29","tipo_apresentacao":"E","data_publicacao":null,"numero_origem_externa":"38","ano_origem_externa":2015,"data_origem_externa":"2015-09-29","apelido":"","dias_prazo":null,"data_fim_prazo":null,"em_tramitacao":false,"polemica":null,"objeto":"","complementar":null,"ementa":"ALTERA O CALEND\u00c1RIO OFICIAL DE EVENTOS DO MUNIC\u00cdPIO DA EST\u00c2NCIA TUR\u00cdSTICA DE IBI\u00daNA E D\u00c1 OUTRAS PROVID\u00caNCIAS","indexacao":"CALEND\u00c1RIO, EVENTOS, CULTURAIS, CULTURA, TURISMO, FESTAS, FESTIVIDADES, RELIGIOSAS, CARNAVAL, ANIVERS\u00c1RIO, CORRIDA, PAIX\u00c3O DE CRISTO, PROCESS\u00c3O, LAVRADORES, FESTA, S\u00c3O SEBASTI\u00c3O, ROMARIA, APARECIDA, PEDESTRES, UNDOKAI, FEST, F\u00c9RIAS, NOSSA, SENHORA, CARMO, DORES, MOTOCICLISTAS, SANTA CRUZ, PIA\u00cd, PIRAPORA, REVEILLON, NATAL, NATALINAS, GUADALUPE, SANTO, EXPEDITO, RODEIO, S\u00c3O, JUDAS, TADEU, TEREZINHA, ","observacao":"","resultado":"","texto_original":"http://sapl.ibiuna.sp.leg.br/media/sapl/public/materialegislativa/2015/11345/11345_texto_integral.pdf","data_ultima_atualizacao":"2018-07-05T15:54:35.491204-03:00","ip":"","ultima_edicao":null,"tipo":1,"regime_tramitacao":1,"tipo_origem_externa":4,"local_origem_externa":1,"user":null,"anexadas":[],"autores":[97]}