{"id":11335,"__str__":"Projeto de Lei Ordin\u00e1ria n\u00ba 280 de 2015","link_detail_backend":"/materia/11335","metadata":{},"numero":280,"ano":2015,"numero_protocolo":null,"data_apresentacao":"2015-09-22","tipo_apresentacao":"E","data_publicacao":null,"numero_origem_externa":"32","ano_origem_externa":2015,"data_origem_externa":"2015-09-22","apelido":"","dias_prazo":null,"data_fim_prazo":null,"em_tramitacao":false,"polemica":null,"objeto":"","complementar":null,"ementa":"AUTORIZA O PODER EXECUTIVO A ADQUIRIR ATRAV\u00c9S DE DESAPROPRIA\u00c7\u00c3O POR VIA AMIG\u00c1VEL OU JUDICIAL UMA \u00c1REA LOCALIZADA NO DISTRITO DO PARURU, NESTE MUNIC\u00cdPIO E COMARCA DE IBI\u00daNA/SP, NECESS\u00c1RIA PARA IMPLANTA\u00c7\u00c3O DE UMA ESCOLA DE ENSINO FUNDAMENTAL E UMA CRECHE PR\u00d3-INF\u00c2NCIA E D\u00c1 OUTRAS PROVID\u00caNCIAS CORRELATAS.","indexacao":"DESAPROPRIA\u00c7\u00c3O, AQUISI\u00c7\u00c3O, TERRENO, LOTE, PROPRIEDADE, 9.750, NOVE MIL, SETECENTOS E CINQUENTA, METROS, QUADRADOS, AQUILINO JOS\u00c9 PEDROSO, PL\u00c1CIDO LOPES CASO, REDE DE TRANSMISS\u00c3O, ALTA, TENS\u00c3O, JOS\u00c9 ADAD, RUA, FELICIANO JOS\u00c9 ADAD","observacao":"","resultado":"","texto_original":"http://sapl.ibiuna.sp.leg.br/media/sapl/public/materialegislativa/2015/11335/11335_texto_integral.pdf","data_ultima_atualizacao":"2018-07-05T15:54:21.076920-03:00","ip":"","ultima_edicao":null,"tipo":1,"regime_tramitacao":1,"tipo_origem_externa":4,"local_origem_externa":1,"user":null,"anexadas":[],"autores":[97]}