{"id":11113,"__str__":"Projeto de Lei Complementar n\u00ba 272 de 2015","link_detail_backend":"/materia/11113","metadata":{},"numero":272,"ano":2015,"numero_protocolo":null,"data_apresentacao":"2015-07-30","tipo_apresentacao":"E","data_publicacao":null,"numero_origem_externa":"10","ano_origem_externa":2015,"data_origem_externa":"2015-07-30","apelido":"","dias_prazo":null,"data_fim_prazo":null,"em_tramitacao":false,"polemica":null,"objeto":"","complementar":null,"ementa":"ALTERA A LEI COMPLEMENTAR 138, DE 04 DE MAIO DE 2015 E D\u00c1 OUTRAS PROVID\u00caNCIAS","indexacao":"ALTERA\u00c7\u00c3O, LEI, LEGISLA\u00c7\u00c3O, ANISTIA, PROGRAMA, RECUPERA\u00c7\u00c3O, CR\u00c9DITO, FISCAL, TRIBUT\u00c1RIOS, N\u00c3O TRIBUT\u00c1RIOS, D\u00c9BITOS, PRCF, CONTRIBUINTE, REDU\u00c7\u00c3O, JUROS, MULTA, ","observacao":"","resultado":"","texto_original":"http://sapl.ibiuna.sp.leg.br/media/sapl/public/materialegislativa/2015/11113/11113_texto_integral.pdf","data_ultima_atualizacao":"2018-07-05T15:54:33.721754-03:00","ip":"","ultima_edicao":null,"tipo":5,"regime_tramitacao":1,"tipo_origem_externa":4,"local_origem_externa":1,"user":null,"anexadas":[],"autores":[97]}