{"id":10898,"__str__":"Indica\u00e7\u00e3o n\u00ba 367 de 2015","link_detail_backend":"/materia/10898","metadata":{},"numero":367,"ano":2015,"numero_protocolo":null,"data_apresentacao":"2015-04-14","tipo_apresentacao":"E","data_publicacao":null,"numero_origem_externa":"","ano_origem_externa":null,"data_origem_externa":null,"apelido":"","dias_prazo":null,"data_fim_prazo":null,"em_tramitacao":true,"polemica":null,"objeto":"","complementar":null,"ementa":"INDICA\u00c7\u00c3O AO PREFEITO MUNICIPAL, SOLICITANDO ESTUDOS PARA O CUMPRIMENTO DA LEI N\u00ba 1494 DE MAR\u00c7O DE 2009, NO SENTIDO DE VIABILIZAR VALES TRANSPORTES AOS FUNCION\u00c1RIOS P\u00daBLICOS LOTADOS NAS ESCOLAS ESTADUAIS DE ENSINO INSTALADAS NO MUNIC\u00cdPIO.","indexacao":"AUX\u00cdLIO, VALE, TRANSPORTE, BILHETE, \u00d4NIBUS, PASSAGEIROS, USU\u00c1RIOS, TRANSPORTE, P\u00daBLICO, COLETIVO, ACESSO, ESCOLAS, MUNIC\u00cdPIO, SUBSIST\u00caNCIA, ARCAR, DESPESAS, ","observacao":"","resultado":"","texto_original":"http://sapl.ibiuna.sp.leg.br/media/sapl/public/materialegislativa/2015/10898/10898_texto_integral.pdf","data_ultima_atualizacao":"2018-07-05T15:54:27.445181-03:00","ip":"","ultima_edicao":null,"tipo":8,"regime_tramitacao":1,"tipo_origem_externa":null,"local_origem_externa":null,"user":null,"anexadas":[],"autores":[103]}