{"id":10806,"__str__":"Indica\u00e7\u00e3o n\u00ba 309 de 2015","link_detail_backend":"/materia/10806","metadata":{},"numero":309,"ano":2015,"numero_protocolo":null,"data_apresentacao":"2015-03-10","tipo_apresentacao":"E","data_publicacao":null,"numero_origem_externa":"","ano_origem_externa":null,"data_origem_externa":null,"apelido":"","dias_prazo":null,"data_fim_prazo":null,"em_tramitacao":true,"polemica":null,"objeto":"","complementar":null,"ementa":"INDICA\u00c7\u00c3O AO PREFEITO MUNICIPAL, SOLICITANDO REPAROS NA REDE DE ILUMINA\u00c7\u00c3O P\u00daBLICA COMO POSTES, L\u00c2MPADAS E REATORES EM NOSSO MUNIC\u00cdPIO","indexacao":"MANUTEN\u00c7\u00c3O, CONSERVA\u00c7\u00c3O, REPARO, L\u00c2MPADAS, QUEIMADAS, ILUMINA\u00c7\u00c3O, P\u00daBLICA, SEGURAN\u00c7A, ESCURO, ESTUDANTES, TRABALHADORES, MORADORES, ","observacao":"","resultado":"","texto_original":"http://sapl.ibiuna.sp.leg.br/media/sapl/public/materialegislativa/2015/10806/10806_texto_integral.pdf","data_ultima_atualizacao":"2018-07-05T15:54:27.727702-03:00","ip":"","ultima_edicao":null,"tipo":8,"regime_tramitacao":1,"tipo_origem_externa":null,"local_origem_externa":null,"user":null,"anexadas":[],"autores":[103]}