{"id":10303,"__str__":"Indica\u00e7\u00e3o n\u00ba 536 de 2014","link_detail_backend":"/materia/10303","metadata":{},"numero":536,"ano":2014,"numero_protocolo":null,"data_apresentacao":"2014-11-25","tipo_apresentacao":"E","data_publicacao":null,"numero_origem_externa":"","ano_origem_externa":null,"data_origem_externa":null,"apelido":"","dias_prazo":null,"data_fim_prazo":null,"em_tramitacao":true,"polemica":null,"objeto":"","complementar":null,"ementa":"INDICA\u00c7\u00c3O AO PREFEITO MUNICIPAL, SOLICITANDO QUE REFORMA DOS BANHEIROS P\u00daBLICOS ADAPTADOS QUE S\u00c3O UTILIZADOS PELAS PESSOAS COM DEFICI\u00caNCIA NA PRA\u00c7A DA MATRIZ.","indexacao":"MASCULINO, FEMININO, BANHEIRO, P\u00daBLICO, ATENDIMENTO, PESSOAS, DEFICIENTES, ESPECIAIS, MOBILIDADE REDUZIDA.","observacao":"","resultado":"","texto_original":"http://sapl.ibiuna.sp.leg.br/media/sapl/public/materialegislativa/2014/10303/10303_texto_integral.pdf","data_ultima_atualizacao":"2018-07-05T15:54:24.045222-03:00","ip":"","ultima_edicao":null,"tipo":8,"regime_tramitacao":1,"tipo_origem_externa":null,"local_origem_externa":null,"user":null,"anexadas":[],"autores":[106]}