{"id":10201,"__str__":"Mo\u00e7\u00e3o n\u00ba 12 de 2014","link_detail_backend":"/materia/10201","metadata":{},"numero":12,"ano":2014,"numero_protocolo":null,"data_apresentacao":"2014-10-21","tipo_apresentacao":"E","data_publicacao":null,"numero_origem_externa":"","ano_origem_externa":null,"data_origem_externa":null,"apelido":"","dias_prazo":null,"data_fim_prazo":null,"em_tramitacao":false,"polemica":null,"objeto":"","complementar":null,"ementa":"MO\u00c7\u00c3O DE REP\u00daDIO AO SENHOR ADALBERTO BONASSI MARCICANO, EX-VICE-PREFEITO, POR DECLARA\u00c7\u00d5ES DADAS AO BLOG PLANEJA AZUL NO DIA 03 DE OUTUBRO DE 2014, ONDE PROFERIU PALAVRAS DE BAIXO CAL\u00c3O E OFENSIVAS AO PODER JUDICI\u00c1RIO EM GERAL.","indexacao":"MINISTRO, LUIZ, FUX, LUIS, TSE, TRIBUNAL, SUPERIOR, ELEITORAL, REP\u00daDIO, OFENSA, ","observacao":"","resultado":"","texto_original":"http://sapl.ibiuna.sp.leg.br/media/sapl/public/materialegislativa/2014/10201/10201_texto_integral.pdf","data_ultima_atualizacao":"2018-07-05T15:54:24.039606-03:00","ip":"","ultima_edicao":null,"tipo":7,"regime_tramitacao":1,"tipo_origem_externa":null,"local_origem_externa":null,"user":null,"anexadas":[],"autores":[112]}