{"id":10090,"__str__":"Indica\u00e7\u00e3o n\u00ba 437 de 2014","link_detail_backend":"/materia/10090","metadata":{},"numero":437,"ano":2014,"numero_protocolo":null,"data_apresentacao":"2014-10-07","tipo_apresentacao":"E","data_publicacao":null,"numero_origem_externa":"","ano_origem_externa":null,"data_origem_externa":null,"apelido":"","dias_prazo":null,"data_fim_prazo":null,"em_tramitacao":true,"polemica":null,"objeto":"","complementar":null,"ementa":"INDICA\u00c7\u00c3O AO PREFEITO MUNICIPAL, SOLICITANDO PAVIMENTA\u00c7\u00c3O DO TRECHO DA RUA MINAS GERAIS, OCM COLA\u00c7\u00c3O DE PARALELEP\u00cdPEDOS PR\u00d3XIMO A ESCOLA.","indexacao":"PAVIMENTA\u00c7\u00c3O, CAL\u00c7AMENTO, BLOQUETES, EMERSON TADEI GODINHO DE ALMEIDA, TR\u00c1FEGO, ESCOLA, ESTADUAL, DONA OL\u00cdMPIA FALCI, PESSOAS, ESTUDANTES, PROFESSORES.","observacao":"","resultado":"","texto_original":"http://sapl.ibiuna.sp.leg.br/media/sapl/public/materialegislativa/2014/10090/10090_texto_integral.pdf","data_ultima_atualizacao":"2018-07-05T15:54:31.947000-03:00","ip":"","ultima_edicao":null,"tipo":8,"regime_tramitacao":1,"tipo_origem_externa":null,"local_origem_externa":null,"user":null,"anexadas":[],"autores":[106]}