{"id":1004,"__str__":"Indica\u00e7\u00e3o n\u00ba 709 de 2010","link_detail_backend":"/materia/1004","metadata":{},"numero":709,"ano":2010,"numero_protocolo":0,"data_apresentacao":"2010-11-30","tipo_apresentacao":"E","data_publicacao":null,"numero_origem_externa":"709","ano_origem_externa":2010,"data_origem_externa":"2010-11-30","apelido":"","dias_prazo":null,"data_fim_prazo":null,"em_tramitacao":true,"polemica":false,"objeto":"","complementar":false,"ementa":"INDICA\u00c7\u00c3O AO CHEFE DO EXECUTIVO PARA VERIFICA\u00c7\u00c3O DA ILUMINA\u00c7\u00c3O P\u00daBLICA EM TODA A EXTENS\u00c3O DA AVENIDA LAFARINA MILANI.","indexacao":"LAFARINA, MILANI, ILUMINA\u00c7\u00c3O, LUZ, SEGURAN\u00c7A, VERIFICA\u00c7\u00c3O.","observacao":"","resultado":"","texto_original":"http://sapl.ibiuna.sp.leg.br/media/sapl/public/materialegislativa/2010/1004/1004_texto_integral.pdf","data_ultima_atualizacao":"2018-07-05T15:54:27.403371-03:00","ip":"","ultima_edicao":null,"tipo":8,"regime_tramitacao":1,"tipo_origem_externa":8,"local_origem_externa":3,"user":null,"anexadas":[],"autores":[7]}